{"id":10730,"date":"2023-08-15T15:49:33","date_gmt":"2023-08-15T13:49:33","guid":{"rendered":"https:\/\/blog.topsolid.com\/?p=10730"},"modified":"2023-08-15T16:18:35","modified_gmt":"2023-08-15T14:18:35","slug":"revista-ferramental-topsolid-protagoniza-a-jornada-da-ferramentaria-em-direcao-a-fabrica-digital-integrada","status":"publish","type":"post","link":"https:\/\/blog.topsolid.com\/pt-br\/revista-ferramental-topsolid-protagoniza-a-jornada-da-ferramentaria-em-direcao-a-fabrica-digital-integrada\/","title":{"rendered":"Revista Ferramental: TopSolid protagoniza a jornada da ferramentaria em dire\u00e7\u00e3o \u00e0 F\u00e1brica Digital Integrada"},"content":{"rendered":"<p>[et_pb_section fb_built=&#8221;1&#8243; admin_label=&#8221;section&#8221; _builder_version=&#8221;4.16&#8243; global_colors_info=&#8221;{}&#8221;][et_pb_row admin_label=&#8221;row&#8221; _builder_version=&#8221;4.16&#8243; background_size=&#8221;initial&#8221; background_position=&#8221;top_left&#8221; background_repeat=&#8221;repeat&#8221; global_colors_info=&#8221;{}&#8221;][et_pb_column type=&#8221;4_4&#8243; _builder_version=&#8221;4.16&#8243; custom_padding=&#8221;|||&#8221; global_colors_info=&#8221;{}&#8221; custom_padding__hover=&#8221;|||&#8221;][et_pb_text _builder_version=&#8221;4.19.1&#8243; _module_preset=&#8221;default&#8221; global_colors_info=&#8221;{}&#8221;]<\/p>\n<p><strong>Revista Ferramental: TopSolid protagoniza a jornada da ferramentaria em dire\u00e7\u00e3o \u00e0 F\u00e1brica Digital Integrada<\/strong><\/p>\n<p><em>Confira a participa\u00e7\u00e3o da TopSolid durante o Enafer 2023 em mat\u00e9ria publicada na edi\u00e7\u00e3o especial da revista Ferramental<\/em><\/p>\n<p>Durante a Enafer 2023, muito se falou sobre a evolu\u00e7\u00e3o da ferramentaria no setor industrial.<\/p>\n<p>Para quem n\u00e3o esteve no evento, a revista Ferramental \u2013 que \u00e9 uma das principais apoiadoras do Enafer \u2013, traz uma cobertura completa ressaltando temas em evid\u00eancia no setor da ferramentaria.<\/p>\n<p>E nessa edi\u00e7\u00e3o, a TopSolid tamb\u00e9m se destacou com a publica\u00e7\u00e3o da mat\u00e9ria \u201cTopSolid protagoniza a jornada da ferramentaria em dire\u00e7\u00e3o \u00e0 F\u00e1brica Digital Integrada\u201d, que apresenta tecnologias que est\u00e3o ajudando as empresas a conquistarem a transforma\u00e7\u00e3o digital e desmistifica o conceito da F\u00e1brica Digital Integrada.<\/p>\n<p>A mat\u00e9ria aborda ainda os processos de qualifica\u00e7\u00e3o de m\u00e3o de obra, sendo que a TopSolid \u00e9 uma das empresas que cooperam com o ensino de jovens, disponibilizando solu\u00e7\u00f5es de ponta para um aprendizado pr\u00e1tico.<\/p>\n<p>Quer ficar por dentro de tudo que aconteceu no Enafer 2023, especialmente sobre a participa\u00e7\u00e3o da TopSolid?<\/p>\n<p>Acesse a <a href=\"https:\/\/issuu.com\/revistaferramental8\/docs\/ferramental-108?fr=xKAE9_zU1NQ\">Revista Ferramental<\/a> e saiba mais!<\/p>\n<p>Mat\u00e9ria \u201cTopSolid protagoniza a jornada da ferramentaria em dire\u00e7\u00e3o \u00e0 F\u00e1brica Digital Integrada\u201d \u2013 da p\u00e1gina 50 a 53.<\/p>\n<p>[\/et_pb_text][\/et_pb_column][\/et_pb_row][\/et_pb_section]<\/p>\n","protected":false},"excerpt":{"rendered":"<p>Revista Ferramental: TopSolid protagoniza a jornada da ferramentaria em dire\u00e7\u00e3o \u00e0 F\u00e1brica Digital Integrada.  Confira a participa\u00e7\u00e3o da TopSolid durante o Enafer 2023 em mat\u00e9ria publicada na edi\u00e7\u00e3o especial da revista Ferramental!<\/p>\n","protected":false},"author":10,"featured_media":10731,"comment_status":"closed","ping_status":"closed","sticky":false,"template":"","format":"standard","meta":{"_et_pb_use_builder":"on","_et_pb_old_content":"","_et_gb_content_width":"","content-type":"","_themeisle_gutenberg_block_has_review":false,"footnotes":""},"categories":[148,147,149,150,209],"tags":[201,153,198,200,199,195,197],"class_list":["post-10730","post","type-post","status-publish","format-standard","has-post-thumbnail","hentry","category-cad","category-cad-cam","category-cam","category-erp","category-geral","tag-cad-pt-br-2","tag-cad-cam-pt-br","tag-cae","tag-cao-pt-br","tag-cav","tag-tooling","tag-wood"],"yoast_head":"<!-- This site is optimized with the Yoast SEO plugin v26.5 - https:\/\/yoast.com\/wordpress\/plugins\/seo\/ -->\n<title>Revista Ferramental: TopSolid protagoniza a jornada da ferramentaria em dire\u00e7\u00e3o \u00e0 F\u00e1brica Digital Integrada - TopSolid&#039;Blog<\/title>\n<meta name=\"description\" content=\"Revista Ferramental: TopSolid protagoniza a jornada da ferramentaria em dire\u00e7\u00e3o \u00e0 F\u00e1brica Digital IntegradaConfira a participa\u00e7\u00e3o da TopSolid durante o Enafer 2023 em mat\u00e9ria publicada na edi\u00e7\u00e3o especial da revista Ferramental.\" \/>\n<meta name=\"robots\" content=\"index, follow, max-snippet:-1, max-image-preview:large, max-video-preview:-1\" \/>\n<link rel=\"canonical\" href=\"https:\/\/blog.topsolid.com\/pt-br\/revista-ferramental-topsolid-protagoniza-a-jornada-da-ferramentaria-em-direcao-a-fabrica-digital-integrada\/\" \/>\n<meta property=\"og:locale\" content=\"pt_BR\" \/>\n<meta property=\"og:type\" content=\"article\" \/>\n<meta property=\"og:title\" content=\"Revista Ferramental: TopSolid protagoniza a jornada da ferramentaria em dire\u00e7\u00e3o \u00e0 F\u00e1brica Digital Integrada - TopSolid&#039;Blog\" \/>\n<meta property=\"og:description\" content=\"Revista Ferramental: TopSolid protagoniza a jornada da ferramentaria em dire\u00e7\u00e3o \u00e0 F\u00e1brica Digital IntegradaConfira a participa\u00e7\u00e3o da TopSolid durante o Enafer 2023 em mat\u00e9ria publicada na edi\u00e7\u00e3o especial da revista Ferramental.\" \/>\n<meta property=\"og:url\" content=\"https:\/\/blog.topsolid.com\/pt-br\/revista-ferramental-topsolid-protagoniza-a-jornada-da-ferramentaria-em-direcao-a-fabrica-digital-integrada\/\" \/>\n<meta property=\"og:site_name\" content=\"TopSolid&#039;Blog\" \/>\n<meta property=\"article:publisher\" content=\"https:\/\/www.facebook.com\/topsolid.corporate\" \/>\n<meta property=\"article:published_time\" content=\"2023-08-15T13:49:33+00:00\" \/>\n<meta property=\"article:modified_time\" content=\"2023-08-15T14:18:35+00:00\" \/>\n<meta property=\"og:image\" content=\"https:\/\/blog.topsolid.com\/wp-content\/uploads\/2023\/08\/Blog-Revista.jpg\" \/>\n\t<meta property=\"og:image:width\" content=\"1500\" \/>\n\t<meta property=\"og:image:height\" content=\"1000\" \/>\n\t<meta property=\"og:image:type\" content=\"image\/jpeg\" \/>\n<meta name=\"author\" content=\"Fernando Pasquali\" \/>\n<meta name=\"twitter:card\" content=\"summary_large_image\" \/>\n<meta name=\"twitter:creator\" content=\"@TopSolid\" \/>\n<meta name=\"twitter:site\" content=\"@TopSolid\" \/>\n<meta name=\"twitter:label1\" content=\"Escrito por\" \/>\n\t<meta name=\"twitter:data1\" content=\"Fernando Pasquali\" \/>\n\t<meta name=\"twitter:label2\" content=\"Est. tempo de leitura\" \/>\n\t<meta name=\"twitter:data2\" content=\"2 minutos\" \/>\n<script type=\"application\/ld+json\" class=\"yoast-schema-graph\">{\"@context\":\"https:\/\/schema.org\",\"@graph\":[{\"@type\":\"Article\",\"@id\":\"https:\/\/blog.topsolid.com\/pt-br\/revista-ferramental-topsolid-protagoniza-a-jornada-da-ferramentaria-em-direcao-a-fabrica-digital-integrada\/#article\",\"isPartOf\":{\"@id\":\"https:\/\/blog.topsolid.com\/pt-br\/revista-ferramental-topsolid-protagoniza-a-jornada-da-ferramentaria-em-direcao-a-fabrica-digital-integrada\/\"},\"author\":{\"name\":\"Fernando Pasquali\",\"@id\":\"https:\/\/blog.topsolid.com\/pt-br\/#\/schema\/person\/118acf331211ef7487374e570e8e95d6\"},\"headline\":\"Revista Ferramental: TopSolid protagoniza a jornada da ferramentaria em dire\u00e7\u00e3o \u00e0 F\u00e1brica Digital Integrada\",\"datePublished\":\"2023-08-15T13:49:33+00:00\",\"dateModified\":\"2023-08-15T14:18:35+00:00\",\"mainEntityOfPage\":{\"@id\":\"https:\/\/blog.topsolid.com\/pt-br\/revista-ferramental-topsolid-protagoniza-a-jornada-da-ferramentaria-em-direcao-a-fabrica-digital-integrada\/\"},\"wordCount\":302,\"publisher\":{\"@id\":\"https:\/\/blog.topsolid.com\/pt-br\/#organization\"},\"image\":{\"@id\":\"https:\/\/blog.topsolid.com\/pt-br\/revista-ferramental-topsolid-protagoniza-a-jornada-da-ferramentaria-em-direcao-a-fabrica-digital-integrada\/#primaryimage\"},\"thumbnailUrl\":\"https:\/\/blog.topsolid.com\/wp-content\/uploads\/2023\/08\/Blog-Revista.jpg\",\"keywords\":[\"CAD\",\"CAD\/CAM\",\"CAE\",\"CAO\",\"CAV\",\"Tooling\",\"Wood\"],\"articleSection\":[\"CAD\",\"CAD\/CAM\",\"CAM\",\"ERP\",\"Geral\"],\"inLanguage\":\"pt-BR\"},{\"@type\":\"WebPage\",\"@id\":\"https:\/\/blog.topsolid.com\/pt-br\/revista-ferramental-topsolid-protagoniza-a-jornada-da-ferramentaria-em-direcao-a-fabrica-digital-integrada\/\",\"url\":\"https:\/\/blog.topsolid.com\/pt-br\/revista-ferramental-topsolid-protagoniza-a-jornada-da-ferramentaria-em-direcao-a-fabrica-digital-integrada\/\",\"name\":\"Revista Ferramental: TopSolid protagoniza a jornada da ferramentaria em dire\u00e7\u00e3o \u00e0 F\u00e1brica Digital Integrada - TopSolid&#039;Blog\",\"isPartOf\":{\"@id\":\"https:\/\/blog.topsolid.com\/pt-br\/#website\"},\"primaryImageOfPage\":{\"@id\":\"https:\/\/blog.topsolid.com\/pt-br\/revista-ferramental-topsolid-protagoniza-a-jornada-da-ferramentaria-em-direcao-a-fabrica-digital-integrada\/#primaryimage\"},\"image\":{\"@id\":\"https:\/\/blog.topsolid.com\/pt-br\/revista-ferramental-topsolid-protagoniza-a-jornada-da-ferramentaria-em-direcao-a-fabrica-digital-integrada\/#primaryimage\"},\"thumbnailUrl\":\"https:\/\/blog.topsolid.com\/wp-content\/uploads\/2023\/08\/Blog-Revista.jpg\",\"datePublished\":\"2023-08-15T13:49:33+00:00\",\"dateModified\":\"2023-08-15T14:18:35+00:00\",\"description\":\"Revista Ferramental: TopSolid protagoniza a jornada da ferramentaria em dire\u00e7\u00e3o \u00e0 F\u00e1brica Digital IntegradaConfira a participa\u00e7\u00e3o da TopSolid durante o Enafer 2023 em mat\u00e9ria publicada na edi\u00e7\u00e3o especial da revista Ferramental.\",\"breadcrumb\":{\"@id\":\"https:\/\/blog.topsolid.com\/pt-br\/revista-ferramental-topsolid-protagoniza-a-jornada-da-ferramentaria-em-direcao-a-fabrica-digital-integrada\/#breadcrumb\"},\"inLanguage\":\"pt-BR\",\"potentialAction\":[{\"@type\":\"ReadAction\",\"target\":[\"https:\/\/blog.topsolid.com\/pt-br\/revista-ferramental-topsolid-protagoniza-a-jornada-da-ferramentaria-em-direcao-a-fabrica-digital-integrada\/\"]}]},{\"@type\":\"ImageObject\",\"inLanguage\":\"pt-BR\",\"@id\":\"https:\/\/blog.topsolid.com\/pt-br\/revista-ferramental-topsolid-protagoniza-a-jornada-da-ferramentaria-em-direcao-a-fabrica-digital-integrada\/#primaryimage\",\"url\":\"https:\/\/blog.topsolid.com\/wp-content\/uploads\/2023\/08\/Blog-Revista.jpg\",\"contentUrl\":\"https:\/\/blog.topsolid.com\/wp-content\/uploads\/2023\/08\/Blog-Revista.jpg\",\"width\":1500,\"height\":1000,\"caption\":\"TopSolid - Revista Ferramental\"},{\"@type\":\"BreadcrumbList\",\"@id\":\"https:\/\/blog.topsolid.com\/pt-br\/revista-ferramental-topsolid-protagoniza-a-jornada-da-ferramentaria-em-direcao-a-fabrica-digital-integrada\/#breadcrumb\",\"itemListElement\":[{\"@type\":\"ListItem\",\"position\":1,\"name\":\"Accueil\",\"item\":\"https:\/\/blog.topsolid.com\/pt-br\/\"},{\"@type\":\"ListItem\",\"position\":2,\"name\":\"Revista Ferramental: TopSolid protagoniza a jornada da ferramentaria em dire\u00e7\u00e3o \u00e0 F\u00e1brica Digital Integrada\"}]},{\"@type\":\"WebSite\",\"@id\":\"https:\/\/blog.topsolid.com\/pt-br\/#website\",\"url\":\"https:\/\/blog.topsolid.com\/pt-br\/\",\"name\":\"TopSolid&#039;Blog\",\"description\":\"TopSolid Official Blog\",\"publisher\":{\"@id\":\"https:\/\/blog.topsolid.com\/pt-br\/#organization\"},\"potentialAction\":[{\"@type\":\"SearchAction\",\"target\":{\"@type\":\"EntryPoint\",\"urlTemplate\":\"https:\/\/blog.topsolid.com\/pt-br\/?s={search_term_string}\"},\"query-input\":{\"@type\":\"PropertyValueSpecification\",\"valueRequired\":true,\"valueName\":\"search_term_string\"}}],\"inLanguage\":\"pt-BR\"},{\"@type\":\"Organization\",\"@id\":\"https:\/\/blog.topsolid.com\/pt-br\/#organization\",\"name\":\"TOPSOLID SAS\",\"url\":\"https:\/\/blog.topsolid.com\/pt-br\/\",\"logo\":{\"@type\":\"ImageObject\",\"inLanguage\":\"pt-BR\",\"@id\":\"https:\/\/blog.topsolid.com\/pt-br\/#\/schema\/logo\/image\/\",\"url\":\"https:\/\/blog.topsolid.com\/wp-content\/uploads\/2020\/09\/LogoTopSolid.png\",\"contentUrl\":\"https:\/\/blog.topsolid.com\/wp-content\/uploads\/2020\/09\/LogoTopSolid.png\",\"width\":1429,\"height\":353,\"caption\":\"TOPSOLID SAS\"},\"image\":{\"@id\":\"https:\/\/blog.topsolid.com\/pt-br\/#\/schema\/logo\/image\/\"},\"sameAs\":[\"https:\/\/www.facebook.com\/topsolid.corporate\",\"https:\/\/x.com\/TopSolid\",\"https:\/\/www.linkedin.com\/company\/topsolid-corporate\"]},{\"@type\":\"Person\",\"@id\":\"https:\/\/blog.topsolid.com\/pt-br\/#\/schema\/person\/118acf331211ef7487374e570e8e95d6\",\"name\":\"Fernando Pasquali\",\"image\":{\"@type\":\"ImageObject\",\"inLanguage\":\"pt-BR\",\"@id\":\"https:\/\/blog.topsolid.com\/pt-br\/#\/schema\/person\/image\/\",\"url\":\"https:\/\/secure.gravatar.com\/avatar\/3e2a9a30ebc37378f16577f3e63caab21edc5934ac21a73cadc0d3f6e7e81530?s=96&d=mm&r=g\",\"contentUrl\":\"https:\/\/secure.gravatar.com\/avatar\/3e2a9a30ebc37378f16577f3e63caab21edc5934ac21a73cadc0d3f6e7e81530?s=96&d=mm&r=g\",\"caption\":\"Fernando Pasquali\"}}]}<\/script>\n<!-- \/ Yoast SEO plugin. -->","yoast_head_json":{"title":"Revista Ferramental: TopSolid protagoniza a jornada da ferramentaria em dire\u00e7\u00e3o \u00e0 F\u00e1brica Digital Integrada - TopSolid&#039;Blog","description":"Revista Ferramental: TopSolid protagoniza a jornada da ferramentaria em dire\u00e7\u00e3o \u00e0 F\u00e1brica Digital IntegradaConfira a participa\u00e7\u00e3o da TopSolid durante o Enafer 2023 em mat\u00e9ria publicada na edi\u00e7\u00e3o especial da revista Ferramental.","robots":{"index":"index","follow":"follow","max-snippet":"max-snippet:-1","max-image-preview":"max-image-preview:large","max-video-preview":"max-video-preview:-1"},"canonical":"https:\/\/blog.topsolid.com\/pt-br\/revista-ferramental-topsolid-protagoniza-a-jornada-da-ferramentaria-em-direcao-a-fabrica-digital-integrada\/","og_locale":"pt_BR","og_type":"article","og_title":"Revista Ferramental: TopSolid protagoniza a jornada da ferramentaria em dire\u00e7\u00e3o \u00e0 F\u00e1brica Digital Integrada - TopSolid&#039;Blog","og_description":"Revista Ferramental: TopSolid protagoniza a jornada da ferramentaria em dire\u00e7\u00e3o \u00e0 F\u00e1brica Digital IntegradaConfira a participa\u00e7\u00e3o da TopSolid durante o Enafer 2023 em mat\u00e9ria publicada na edi\u00e7\u00e3o especial da revista Ferramental.","og_url":"https:\/\/blog.topsolid.com\/pt-br\/revista-ferramental-topsolid-protagoniza-a-jornada-da-ferramentaria-em-direcao-a-fabrica-digital-integrada\/","og_site_name":"TopSolid&#039;Blog","article_publisher":"https:\/\/www.facebook.com\/topsolid.corporate","article_published_time":"2023-08-15T13:49:33+00:00","article_modified_time":"2023-08-15T14:18:35+00:00","og_image":[{"width":1500,"height":1000,"url":"https:\/\/blog.topsolid.com\/wp-content\/uploads\/2023\/08\/Blog-Revista.jpg","type":"image\/jpeg"}],"author":"Fernando Pasquali","twitter_card":"summary_large_image","twitter_creator":"@TopSolid","twitter_site":"@TopSolid","twitter_misc":{"Escrito por":"Fernando Pasquali","Est. tempo de leitura":"2 minutos"},"schema":{"@context":"https:\/\/schema.org","@graph":[{"@type":"Article","@id":"https:\/\/blog.topsolid.com\/pt-br\/revista-ferramental-topsolid-protagoniza-a-jornada-da-ferramentaria-em-direcao-a-fabrica-digital-integrada\/#article","isPartOf":{"@id":"https:\/\/blog.topsolid.com\/pt-br\/revista-ferramental-topsolid-protagoniza-a-jornada-da-ferramentaria-em-direcao-a-fabrica-digital-integrada\/"},"author":{"name":"Fernando Pasquali","@id":"https:\/\/blog.topsolid.com\/pt-br\/#\/schema\/person\/118acf331211ef7487374e570e8e95d6"},"headline":"Revista Ferramental: TopSolid protagoniza a jornada da ferramentaria em dire\u00e7\u00e3o \u00e0 F\u00e1brica Digital Integrada","datePublished":"2023-08-15T13:49:33+00:00","dateModified":"2023-08-15T14:18:35+00:00","mainEntityOfPage":{"@id":"https:\/\/blog.topsolid.com\/pt-br\/revista-ferramental-topsolid-protagoniza-a-jornada-da-ferramentaria-em-direcao-a-fabrica-digital-integrada\/"},"wordCount":302,"publisher":{"@id":"https:\/\/blog.topsolid.com\/pt-br\/#organization"},"image":{"@id":"https:\/\/blog.topsolid.com\/pt-br\/revista-ferramental-topsolid-protagoniza-a-jornada-da-ferramentaria-em-direcao-a-fabrica-digital-integrada\/#primaryimage"},"thumbnailUrl":"https:\/\/blog.topsolid.com\/wp-content\/uploads\/2023\/08\/Blog-Revista.jpg","keywords":["CAD","CAD\/CAM","CAE","CAO","CAV","Tooling","Wood"],"articleSection":["CAD","CAD\/CAM","CAM","ERP","Geral"],"inLanguage":"pt-BR"},{"@type":"WebPage","@id":"https:\/\/blog.topsolid.com\/pt-br\/revista-ferramental-topsolid-protagoniza-a-jornada-da-ferramentaria-em-direcao-a-fabrica-digital-integrada\/","url":"https:\/\/blog.topsolid.com\/pt-br\/revista-ferramental-topsolid-protagoniza-a-jornada-da-ferramentaria-em-direcao-a-fabrica-digital-integrada\/","name":"Revista Ferramental: TopSolid protagoniza a jornada da ferramentaria em dire\u00e7\u00e3o \u00e0 F\u00e1brica Digital Integrada - TopSolid&#039;Blog","isPartOf":{"@id":"https:\/\/blog.topsolid.com\/pt-br\/#website"},"primaryImageOfPage":{"@id":"https:\/\/blog.topsolid.com\/pt-br\/revista-ferramental-topsolid-protagoniza-a-jornada-da-ferramentaria-em-direcao-a-fabrica-digital-integrada\/#primaryimage"},"image":{"@id":"https:\/\/blog.topsolid.com\/pt-br\/revista-ferramental-topsolid-protagoniza-a-jornada-da-ferramentaria-em-direcao-a-fabrica-digital-integrada\/#primaryimage"},"thumbnailUrl":"https:\/\/blog.topsolid.com\/wp-content\/uploads\/2023\/08\/Blog-Revista.jpg","datePublished":"2023-08-15T13:49:33+00:00","dateModified":"2023-08-15T14:18:35+00:00","description":"Revista Ferramental: TopSolid protagoniza a jornada da ferramentaria em dire\u00e7\u00e3o \u00e0 F\u00e1brica Digital IntegradaConfira a participa\u00e7\u00e3o da TopSolid durante o Enafer 2023 em mat\u00e9ria publicada na edi\u00e7\u00e3o especial da revista Ferramental.","breadcrumb":{"@id":"https:\/\/blog.topsolid.com\/pt-br\/revista-ferramental-topsolid-protagoniza-a-jornada-da-ferramentaria-em-direcao-a-fabrica-digital-integrada\/#breadcrumb"},"inLanguage":"pt-BR","potentialAction":[{"@type":"ReadAction","target":["https:\/\/blog.topsolid.com\/pt-br\/revista-ferramental-topsolid-protagoniza-a-jornada-da-ferramentaria-em-direcao-a-fabrica-digital-integrada\/"]}]},{"@type":"ImageObject","inLanguage":"pt-BR","@id":"https:\/\/blog.topsolid.com\/pt-br\/revista-ferramental-topsolid-protagoniza-a-jornada-da-ferramentaria-em-direcao-a-fabrica-digital-integrada\/#primaryimage","url":"https:\/\/blog.topsolid.com\/wp-content\/uploads\/2023\/08\/Blog-Revista.jpg","contentUrl":"https:\/\/blog.topsolid.com\/wp-content\/uploads\/2023\/08\/Blog-Revista.jpg","width":1500,"height":1000,"caption":"TopSolid - Revista Ferramental"},{"@type":"BreadcrumbList","@id":"https:\/\/blog.topsolid.com\/pt-br\/revista-ferramental-topsolid-protagoniza-a-jornada-da-ferramentaria-em-direcao-a-fabrica-digital-integrada\/#breadcrumb","itemListElement":[{"@type":"ListItem","position":1,"name":"Accueil","item":"https:\/\/blog.topsolid.com\/pt-br\/"},{"@type":"ListItem","position":2,"name":"Revista Ferramental: TopSolid protagoniza a jornada da ferramentaria em dire\u00e7\u00e3o \u00e0 F\u00e1brica Digital Integrada"}]},{"@type":"WebSite","@id":"https:\/\/blog.topsolid.com\/pt-br\/#website","url":"https:\/\/blog.topsolid.com\/pt-br\/","name":"TopSolid&#039;Blog","description":"TopSolid Official Blog","publisher":{"@id":"https:\/\/blog.topsolid.com\/pt-br\/#organization"},"potentialAction":[{"@type":"SearchAction","target":{"@type":"EntryPoint","urlTemplate":"https:\/\/blog.topsolid.com\/pt-br\/?s={search_term_string}"},"query-input":{"@type":"PropertyValueSpecification","valueRequired":true,"valueName":"search_term_string"}}],"inLanguage":"pt-BR"},{"@type":"Organization","@id":"https:\/\/blog.topsolid.com\/pt-br\/#organization","name":"TOPSOLID SAS","url":"https:\/\/blog.topsolid.com\/pt-br\/","logo":{"@type":"ImageObject","inLanguage":"pt-BR","@id":"https:\/\/blog.topsolid.com\/pt-br\/#\/schema\/logo\/image\/","url":"https:\/\/blog.topsolid.com\/wp-content\/uploads\/2020\/09\/LogoTopSolid.png","contentUrl":"https:\/\/blog.topsolid.com\/wp-content\/uploads\/2020\/09\/LogoTopSolid.png","width":1429,"height":353,"caption":"TOPSOLID SAS"},"image":{"@id":"https:\/\/blog.topsolid.com\/pt-br\/#\/schema\/logo\/image\/"},"sameAs":["https:\/\/www.facebook.com\/topsolid.corporate","https:\/\/x.com\/TopSolid","https:\/\/www.linkedin.com\/company\/topsolid-corporate"]},{"@type":"Person","@id":"https:\/\/blog.topsolid.com\/pt-br\/#\/schema\/person\/118acf331211ef7487374e570e8e95d6","name":"Fernando Pasquali","image":{"@type":"ImageObject","inLanguage":"pt-BR","@id":"https:\/\/blog.topsolid.com\/pt-br\/#\/schema\/person\/image\/","url":"https:\/\/secure.gravatar.com\/avatar\/3e2a9a30ebc37378f16577f3e63caab21edc5934ac21a73cadc0d3f6e7e81530?s=96&d=mm&r=g","contentUrl":"https:\/\/secure.gravatar.com\/avatar\/3e2a9a30ebc37378f16577f3e63caab21edc5934ac21a73cadc0d3f6e7e81530?s=96&d=mm&r=g","caption":"Fernando Pasquali"}}]}},"_links":{"self":[{"href":"https:\/\/blog.topsolid.com\/pt-br\/wp-json\/wp\/v2\/posts\/10730","targetHints":{"allow":["GET"]}}],"collection":[{"href":"https:\/\/blog.topsolid.com\/pt-br\/wp-json\/wp\/v2\/posts"}],"about":[{"href":"https:\/\/blog.topsolid.com\/pt-br\/wp-json\/wp\/v2\/types\/post"}],"author":[{"embeddable":true,"href":"https:\/\/blog.topsolid.com\/pt-br\/wp-json\/wp\/v2\/users\/10"}],"replies":[{"embeddable":true,"href":"https:\/\/blog.topsolid.com\/pt-br\/wp-json\/wp\/v2\/comments?post=10730"}],"version-history":[{"count":9,"href":"https:\/\/blog.topsolid.com\/pt-br\/wp-json\/wp\/v2\/posts\/10730\/revisions"}],"predecessor-version":[{"id":10755,"href":"https:\/\/blog.topsolid.com\/pt-br\/wp-json\/wp\/v2\/posts\/10730\/revisions\/10755"}],"wp:featuredmedia":[{"embeddable":true,"href":"https:\/\/blog.topsolid.com\/pt-br\/wp-json\/wp\/v2\/media\/10731"}],"wp:attachment":[{"href":"https:\/\/blog.topsolid.com\/pt-br\/wp-json\/wp\/v2\/media?parent=10730"}],"wp:term":[{"taxonomy":"category","embeddable":true,"href":"https:\/\/blog.topsolid.com\/pt-br\/wp-json\/wp\/v2\/categories?post=10730"},{"taxonomy":"post_tag","embeddable":true,"href":"https:\/\/blog.topsolid.com\/pt-br\/wp-json\/wp\/v2\/tags?post=10730"}],"curies":[{"name":"wp","href":"https:\/\/api.w.org\/{rel}","templated":true}]}}